{"id":160,"date":"2023-11-10T08:45:18","date_gmt":"2023-11-10T08:45:18","guid":{"rendered":"https:\/\/www.elizzen.com\/index.php\/2023\/11\/10\/sartenes-y-utensilios-de-cocina-sin-toxicos-16\/"},"modified":"2023-11-10T11:23:21","modified_gmt":"2023-11-10T11:23:21","slug":"sartenes-y-utensilios-de-cocina-sin-toxicos-16","status":"publish","type":"post","link":"https:\/\/www.elizzen.com\/index.php\/2023\/11\/10\/sartenes-y-utensilios-de-cocina-sin-toxicos-16\/","title":{"rendered":"tabla picar de vidrio"},"content":{"rendered":"<p>Cuando se trata de accesorios de cocina, una tabla de cortar de vidrio, tambi\u00e9n conocida como \u00abtabla picar de vidrio\u00bb en espa\u00f1ol, es una adici\u00f3n vers\u00e1til y atractiva a tu espacio culinario. Con una combinaci\u00f3n \u00fanica de estilo y funcionalidad, estas tablas de cortar han ganado gran popularidad tanto entre los cocineros caseros como los chefs profesionales. En este art\u00edculo, exploramos los diversos beneficios de una tabla de cortar de vidrio y por qu\u00e9 merece un lugar en tu cocina.<\/p>\n<h2>Las ventajas de las tablas de cortar de vidrio<\/h2>\n<p>Las tablas de cortar de vidrio ofrecen una multitud de ventajas sobre las tablas tradicionales hechas de madera o pl\u00e1stico. Aqu\u00ed tienes algunas razones por las que se eligen ampliamente:<\/p>\n<h3>Duraderas y resistentes<\/h3>\n<p>Uno de los principales beneficios de una tabla de cortar de vidrio es su durabilidad. Hechas de vidrio templado, estas tablas pueden resistir una gran presi\u00f3n y son menos propensas a rayarse o marcas de cuchillos. A diferencia de las tablas de pl\u00e1stico, no desarrollan surcos ni albergan bacterias, lo que garantiza una mayor higiene en tu cocina.<\/p>\n<h3>F\u00e1ciles de limpiar y mantener<\/h3>\n<p>Mantener tu cocina libre de g\u00e9rmenes es crucial, y las tablas de cortar de vidrio hacen que esta tarea sea sencilla. Son no porosas, lo que las hace resistentes a manchas y olores. Un simple pa\u00f1o con agua jabonosa o una soluci\u00f3n de limpieza suave es suficiente para limpiarlas a fondo. A diferencia de las tablas de madera, no requieren aceitado o tratamiento regular.<\/p>\n<h3>Resistentes al calor<\/h3>\n<p>Otra ventaja de las tablas de cortar de vidrio es su excelente resistencia al calor. Puedes colocar directamente ollas y sartenes calientes en ellas sin preocuparte por da\u00f1ar la superficie. Esta versatilidad las hace ideales para servir alimentos tambi\u00e9n, agregando un toque de elegancia a tu mesa.<\/p>\n<h3>Higi\u00e9nicas y no t\u00f3xicas<\/h3>\n<p>Las tablas de cortar de vidrio tienen una superficie no absorbente, lo que evita el crecimiento de bacterias y reduce las posibilidades de contaminaci\u00f3n cruzada. A diferencia de las tablas de madera, no absorben los jugos de carnes, pescados o verduras, lo que las convierte en una opci\u00f3n m\u00e1s saludable para la preparaci\u00f3n de alimentos. Adem\u00e1s, el vidrio es un material no t\u00f3xico, lo que garantiza que no se filtren sustancias da\u00f1inas en tu comida mientras cortas.<\/p>\n<h2>Mejorando el estilo en la cocina<\/h2>\n<p>Adem\u00e1s de sus beneficios pr\u00e1cticos, las tablas de cortar de vidrio son conocidas por su atractivo est\u00e9tico. Se integran perfectamente con cualquier decoraci\u00f3n de cocina, brindando un toque moderno y elegante a tu espacio culinario. La superficie transparente del vidrio a\u00f1ade un elemento de elegancia, convirtiendo tu tabla de cortar en una atractiva bandeja de servir.<\/p>\n<p>Otra ventaja de una tabla de cortar de vidrio es la capacidad de mostrar dise\u00f1os hermosos, patrones o colores vibrantes. Esta opci\u00f3n de personalizaci\u00f3n te permite elegir una tabla de cortar que se adapte a tu estilo personal, convirti\u00e9ndola en una adici\u00f3n \u00fanica y llamativa a tu cocina.<\/p>\n<h2>Aspectos importantes a considerar<\/h2>\n<p>Aunque las tablas de cortar de vidrio ofrecen numerosas ventajas, hay algunos factores a considerar antes de realizar una compra:<\/p>\n<h3>Grosor<\/h3>\n<p>Opta por una tabla de cortar con un grosor adecuado para garantizar estabilidad y durabilidad. Las tablas m\u00e1s gruesas son menos propensas a romperse y proporcionan una superficie de corte s\u00f3lida.<\/p>\n<h3>Superficie antideslizante<\/h3>\n<p>Busca una tabla de cortar de vidrio con una superficie antideslizante para evitar accidentes al cortar. Algunas tablas vienen con pies de silicona o goma, lo que garantiza un agarre firme en las encimeras.<\/p>\n<h3>Tama\u00f1o<\/h3>\n<p>Considera el espacio disponible en tu cocina y elige una tabla de cortar de vidrio que se ajuste bien a tu encimera. No debe ser ni demasiado peque\u00f1a ni excesivamente grande para mayor comodidad y un f\u00e1cil almacenamiento.<\/p>\n<h2>Pensamientos finales<\/h2>\n<p>Una tabla picar de vidrio es una adici\u00f3n de moda y funcional a cualquier cocina. Con su durabilidad, facilidad de mantenimiento y propiedades higi\u00e9nicas, supera a las tablas de corte tradicionales. Adem\u00e1s, su capacidad para mejorar el estilo de tu cocina y mostrar dise\u00f1os hermosos a\u00f1ade un elemento de sofisticaci\u00f3n a tus labores culinarias. \u00bfPor qu\u00e9 no elevar hoy la est\u00e9tica y funcionalidad de tu cocina con una tabla de cortar de vidrio?<\/p>\n","protected":false},"excerpt":{"rendered":"<p>Cuando se trata de accesorios de cocina, una tabla de cortar de vidrio, tambi\u00e9n conocida como \u00abtabla picar de vidrio\u00bb en espa\u00f1ol, es una adici\u00f3n vers\u00e1til y atractiva a tu espacio culinario. Con una combinaci\u00f3n \u00fanica de estilo y funcionalidad, estas tablas de cortar han ganado gran popularidad tanto entre los cocineros caseros como los &#8230; <a title=\"tabla picar de vidrio\" class=\"read-more\" href=\"https:\/\/www.elizzen.com\/index.php\/2023\/11\/10\/sartenes-y-utensilios-de-cocina-sin-toxicos-16\/\" aria-label=\"Leer m\u00e1s sobre tabla picar de vidrio\">Leer m\u00e1s<\/a><\/p>\n","protected":false},"author":1,"featured_media":0,"comment_status":"open","ping_status":"open","sticky":false,"template":"","format":"standard","meta":{"footnotes":""},"categories":[33],"tags":[],"class_list":["post-160","post","type-post","status-publish","format-standard","hentry","category-tabla-picar-de-vidrio"],"yoast_head":"<!-- This site is optimized with the Yoast SEO plugin v27.4 - https:\/\/yoast.com\/product\/yoast-seo-wordpress\/ -->\n<title>tabla picar de vidrio - ELIZZEN<\/title>\n<meta name=\"description\" content=\"Tabla picar de vidrio sartenes y utensilios de cocina sin t\u00f3xicos\" \/>\n<meta name=\"robots\" content=\"noindex, follow, max-snippet:-1, max-image-preview:large, max-video-preview:-1\" \/>\n<meta property=\"og:locale\" content=\"es_ES\" \/>\n<meta property=\"og:type\" content=\"article\" \/>\n<meta property=\"og:title\" content=\"tabla picar de vidrio - ELIZZEN\" \/>\n<meta property=\"og:description\" content=\"Tabla picar de vidrio sartenes y utensilios de cocina sin t\u00f3xicos\" \/>\n<meta property=\"og:url\" content=\"https:\/\/www.elizzen.com\/index.php\/2023\/11\/10\/sartenes-y-utensilios-de-cocina-sin-toxicos-16\/\" \/>\n<meta property=\"og:site_name\" content=\"ELIZZEN\" \/>\n<meta property=\"article:published_time\" content=\"2023-11-10T08:45:18+00:00\" \/>\n<meta property=\"article:modified_time\" content=\"2023-11-10T11:23:21+00:00\" \/>\n<meta name=\"author\" content=\"admin\" \/>\n<meta name=\"twitter:card\" content=\"summary_large_image\" \/>\n<meta name=\"twitter:label1\" content=\"Escrito por\" \/>\n\t<meta name=\"twitter:data1\" content=\"admin\" \/>\n\t<meta name=\"twitter:label2\" content=\"Tiempo de lectura\" \/>\n\t<meta name=\"twitter:data2\" content=\"4 minutos\" \/>\n<script type=\"application\/ld+json\" class=\"yoast-schema-graph\">{\"@context\":\"https:\\\/\\\/schema.org\",\"@graph\":[{\"@type\":\"Article\",\"@id\":\"https:\\\/\\\/www.elizzen.com\\\/index.php\\\/2023\\\/11\\\/10\\\/sartenes-y-utensilios-de-cocina-sin-toxicos-16\\\/#article\",\"isPartOf\":{\"@id\":\"https:\\\/\\\/www.elizzen.com\\\/index.php\\\/2023\\\/11\\\/10\\\/sartenes-y-utensilios-de-cocina-sin-toxicos-16\\\/\"},\"author\":{\"name\":\"admin\",\"@id\":\"https:\\\/\\\/www.elizzen.com\\\/#\\\/schema\\\/person\\\/c4056775254430dc162e1f990dc02c90\"},\"headline\":\"tabla picar de vidrio\",\"datePublished\":\"2023-11-10T08:45:18+00:00\",\"dateModified\":\"2023-11-10T11:23:21+00:00\",\"mainEntityOfPage\":{\"@id\":\"https:\\\/\\\/www.elizzen.com\\\/index.php\\\/2023\\\/11\\\/10\\\/sartenes-y-utensilios-de-cocina-sin-toxicos-16\\\/\"},\"wordCount\":746,\"commentCount\":0,\"publisher\":{\"@id\":\"https:\\\/\\\/www.elizzen.com\\\/#organization\"},\"articleSection\":[\"tabla picar de vidrio\"],\"inLanguage\":\"es\",\"potentialAction\":[{\"@type\":\"CommentAction\",\"name\":\"Comment\",\"target\":[\"https:\\\/\\\/www.elizzen.com\\\/index.php\\\/2023\\\/11\\\/10\\\/sartenes-y-utensilios-de-cocina-sin-toxicos-16\\\/#respond\"]}]},{\"@type\":\"WebPage\",\"@id\":\"https:\\\/\\\/www.elizzen.com\\\/index.php\\\/2023\\\/11\\\/10\\\/sartenes-y-utensilios-de-cocina-sin-toxicos-16\\\/\",\"url\":\"https:\\\/\\\/www.elizzen.com\\\/index.php\\\/2023\\\/11\\\/10\\\/sartenes-y-utensilios-de-cocina-sin-toxicos-16\\\/\",\"name\":\"tabla picar de vidrio - ELIZZEN\",\"isPartOf\":{\"@id\":\"https:\\\/\\\/www.elizzen.com\\\/#website\"},\"datePublished\":\"2023-11-10T08:45:18+00:00\",\"dateModified\":\"2023-11-10T11:23:21+00:00\",\"description\":\"Tabla picar de vidrio sartenes y utensilios de cocina sin t\u00f3xicos\",\"breadcrumb\":{\"@id\":\"https:\\\/\\\/www.elizzen.com\\\/index.php\\\/2023\\\/11\\\/10\\\/sartenes-y-utensilios-de-cocina-sin-toxicos-16\\\/#breadcrumb\"},\"inLanguage\":\"es\",\"potentialAction\":[{\"@type\":\"ReadAction\",\"target\":[\"https:\\\/\\\/www.elizzen.com\\\/index.php\\\/2023\\\/11\\\/10\\\/sartenes-y-utensilios-de-cocina-sin-toxicos-16\\\/\"]}]},{\"@type\":\"BreadcrumbList\",\"@id\":\"https:\\\/\\\/www.elizzen.com\\\/index.php\\\/2023\\\/11\\\/10\\\/sartenes-y-utensilios-de-cocina-sin-toxicos-16\\\/#breadcrumb\",\"itemListElement\":[{\"@type\":\"ListItem\",\"position\":1,\"name\":\"Portada\",\"item\":\"https:\\\/\\\/www.elizzen.com\\\/\"},{\"@type\":\"ListItem\",\"position\":2,\"name\":\"tabla picar de vidrio\"}]},{\"@type\":\"WebSite\",\"@id\":\"https:\\\/\\\/www.elizzen.com\\\/#website\",\"url\":\"https:\\\/\\\/www.elizzen.com\\\/\",\"name\":\"ELIZZEN\",\"description\":\"Just another WordPress site\",\"publisher\":{\"@id\":\"https:\\\/\\\/www.elizzen.com\\\/#organization\"},\"potentialAction\":[{\"@type\":\"SearchAction\",\"target\":{\"@type\":\"EntryPoint\",\"urlTemplate\":\"https:\\\/\\\/www.elizzen.com\\\/?s={search_term_string}\"},\"query-input\":{\"@type\":\"PropertyValueSpecification\",\"valueRequired\":true,\"valueName\":\"search_term_string\"}}],\"inLanguage\":\"es\"},{\"@type\":\"Organization\",\"@id\":\"https:\\\/\\\/www.elizzen.com\\\/#organization\",\"name\":\"ELIZZEN\",\"url\":\"https:\\\/\\\/www.elizzen.com\\\/\",\"logo\":{\"@type\":\"ImageObject\",\"inLanguage\":\"es\",\"@id\":\"https:\\\/\\\/www.elizzen.com\\\/#\\\/schema\\\/logo\\\/image\\\/\",\"url\":\"https:\\\/\\\/www.elizzen.com\\\/wp-content\\\/uploads\\\/2023\\\/11\\\/cropped-Logotipo-marca-personal-minimalista-moderno-tipografico-con-iniciales-banco-y-negro-2.png\",\"contentUrl\":\"https:\\\/\\\/www.elizzen.com\\\/wp-content\\\/uploads\\\/2023\\\/11\\\/cropped-Logotipo-marca-personal-minimalista-moderno-tipografico-con-iniciales-banco-y-negro-2.png\",\"width\":83,\"height\":77,\"caption\":\"ELIZZEN\"},\"image\":{\"@id\":\"https:\\\/\\\/www.elizzen.com\\\/#\\\/schema\\\/logo\\\/image\\\/\"}},{\"@type\":\"Person\",\"@id\":\"https:\\\/\\\/www.elizzen.com\\\/#\\\/schema\\\/person\\\/c4056775254430dc162e1f990dc02c90\",\"name\":\"admin\",\"image\":{\"@type\":\"ImageObject\",\"inLanguage\":\"es\",\"@id\":\"https:\\\/\\\/secure.gravatar.com\\\/avatar\\\/bac31e34db1c672ce56b973f1984c736b164c471852455cdfec64b0445c1a008?s=96&d=mm&r=g\",\"url\":\"https:\\\/\\\/secure.gravatar.com\\\/avatar\\\/bac31e34db1c672ce56b973f1984c736b164c471852455cdfec64b0445c1a008?s=96&d=mm&r=g\",\"contentUrl\":\"https:\\\/\\\/secure.gravatar.com\\\/avatar\\\/bac31e34db1c672ce56b973f1984c736b164c471852455cdfec64b0445c1a008?s=96&d=mm&r=g\",\"caption\":\"admin\"},\"sameAs\":[\"https:\\\/\\\/www.elizzen.com\"]}]}<\/script>\n<!-- \/ Yoast SEO plugin. -->","yoast_head_json":{"title":"tabla picar de vidrio - ELIZZEN","description":"Tabla picar de vidrio sartenes y utensilios de cocina sin t\u00f3xicos","robots":{"index":"noindex","follow":"follow","max-snippet":"max-snippet:-1","max-image-preview":"max-image-preview:large","max-video-preview":"max-video-preview:-1"},"og_locale":"es_ES","og_type":"article","og_title":"tabla picar de vidrio - ELIZZEN","og_description":"Tabla picar de vidrio sartenes y utensilios de cocina sin t\u00f3xicos","og_url":"https:\/\/www.elizzen.com\/index.php\/2023\/11\/10\/sartenes-y-utensilios-de-cocina-sin-toxicos-16\/","og_site_name":"ELIZZEN","article_published_time":"2023-11-10T08:45:18+00:00","article_modified_time":"2023-11-10T11:23:21+00:00","author":"admin","twitter_card":"summary_large_image","twitter_misc":{"Escrito por":"admin","Tiempo de lectura":"4 minutos"},"schema":{"@context":"https:\/\/schema.org","@graph":[{"@type":"Article","@id":"https:\/\/www.elizzen.com\/index.php\/2023\/11\/10\/sartenes-y-utensilios-de-cocina-sin-toxicos-16\/#article","isPartOf":{"@id":"https:\/\/www.elizzen.com\/index.php\/2023\/11\/10\/sartenes-y-utensilios-de-cocina-sin-toxicos-16\/"},"author":{"name":"admin","@id":"https:\/\/www.elizzen.com\/#\/schema\/person\/c4056775254430dc162e1f990dc02c90"},"headline":"tabla picar de vidrio","datePublished":"2023-11-10T08:45:18+00:00","dateModified":"2023-11-10T11:23:21+00:00","mainEntityOfPage":{"@id":"https:\/\/www.elizzen.com\/index.php\/2023\/11\/10\/sartenes-y-utensilios-de-cocina-sin-toxicos-16\/"},"wordCount":746,"commentCount":0,"publisher":{"@id":"https:\/\/www.elizzen.com\/#organization"},"articleSection":["tabla picar de vidrio"],"inLanguage":"es","potentialAction":[{"@type":"CommentAction","name":"Comment","target":["https:\/\/www.elizzen.com\/index.php\/2023\/11\/10\/sartenes-y-utensilios-de-cocina-sin-toxicos-16\/#respond"]}]},{"@type":"WebPage","@id":"https:\/\/www.elizzen.com\/index.php\/2023\/11\/10\/sartenes-y-utensilios-de-cocina-sin-toxicos-16\/","url":"https:\/\/www.elizzen.com\/index.php\/2023\/11\/10\/sartenes-y-utensilios-de-cocina-sin-toxicos-16\/","name":"tabla picar de vidrio - ELIZZEN","isPartOf":{"@id":"https:\/\/www.elizzen.com\/#website"},"datePublished":"2023-11-10T08:45:18+00:00","dateModified":"2023-11-10T11:23:21+00:00","description":"Tabla picar de vidrio sartenes y utensilios de cocina sin t\u00f3xicos","breadcrumb":{"@id":"https:\/\/www.elizzen.com\/index.php\/2023\/11\/10\/sartenes-y-utensilios-de-cocina-sin-toxicos-16\/#breadcrumb"},"inLanguage":"es","potentialAction":[{"@type":"ReadAction","target":["https:\/\/www.elizzen.com\/index.php\/2023\/11\/10\/sartenes-y-utensilios-de-cocina-sin-toxicos-16\/"]}]},{"@type":"BreadcrumbList","@id":"https:\/\/www.elizzen.com\/index.php\/2023\/11\/10\/sartenes-y-utensilios-de-cocina-sin-toxicos-16\/#breadcrumb","itemListElement":[{"@type":"ListItem","position":1,"name":"Portada","item":"https:\/\/www.elizzen.com\/"},{"@type":"ListItem","position":2,"name":"tabla picar de vidrio"}]},{"@type":"WebSite","@id":"https:\/\/www.elizzen.com\/#website","url":"https:\/\/www.elizzen.com\/","name":"ELIZZEN","description":"Just another WordPress site","publisher":{"@id":"https:\/\/www.elizzen.com\/#organization"},"potentialAction":[{"@type":"SearchAction","target":{"@type":"EntryPoint","urlTemplate":"https:\/\/www.elizzen.com\/?s={search_term_string}"},"query-input":{"@type":"PropertyValueSpecification","valueRequired":true,"valueName":"search_term_string"}}],"inLanguage":"es"},{"@type":"Organization","@id":"https:\/\/www.elizzen.com\/#organization","name":"ELIZZEN","url":"https:\/\/www.elizzen.com\/","logo":{"@type":"ImageObject","inLanguage":"es","@id":"https:\/\/www.elizzen.com\/#\/schema\/logo\/image\/","url":"https:\/\/www.elizzen.com\/wp-content\/uploads\/2023\/11\/cropped-Logotipo-marca-personal-minimalista-moderno-tipografico-con-iniciales-banco-y-negro-2.png","contentUrl":"https:\/\/www.elizzen.com\/wp-content\/uploads\/2023\/11\/cropped-Logotipo-marca-personal-minimalista-moderno-tipografico-con-iniciales-banco-y-negro-2.png","width":83,"height":77,"caption":"ELIZZEN"},"image":{"@id":"https:\/\/www.elizzen.com\/#\/schema\/logo\/image\/"}},{"@type":"Person","@id":"https:\/\/www.elizzen.com\/#\/schema\/person\/c4056775254430dc162e1f990dc02c90","name":"admin","image":{"@type":"ImageObject","inLanguage":"es","@id":"https:\/\/secure.gravatar.com\/avatar\/bac31e34db1c672ce56b973f1984c736b164c471852455cdfec64b0445c1a008?s=96&d=mm&r=g","url":"https:\/\/secure.gravatar.com\/avatar\/bac31e34db1c672ce56b973f1984c736b164c471852455cdfec64b0445c1a008?s=96&d=mm&r=g","contentUrl":"https:\/\/secure.gravatar.com\/avatar\/bac31e34db1c672ce56b973f1984c736b164c471852455cdfec64b0445c1a008?s=96&d=mm&r=g","caption":"admin"},"sameAs":["https:\/\/www.elizzen.com"]}]}},"_links":{"self":[{"href":"https:\/\/www.elizzen.com\/index.php\/wp-json\/wp\/v2\/posts\/160","targetHints":{"allow":["GET"]}}],"collection":[{"href":"https:\/\/www.elizzen.com\/index.php\/wp-json\/wp\/v2\/posts"}],"about":[{"href":"https:\/\/www.elizzen.com\/index.php\/wp-json\/wp\/v2\/types\/post"}],"author":[{"embeddable":true,"href":"https:\/\/www.elizzen.com\/index.php\/wp-json\/wp\/v2\/users\/1"}],"replies":[{"embeddable":true,"href":"https:\/\/www.elizzen.com\/index.php\/wp-json\/wp\/v2\/comments?post=160"}],"version-history":[{"count":3,"href":"https:\/\/www.elizzen.com\/index.php\/wp-json\/wp\/v2\/posts\/160\/revisions"}],"predecessor-version":[{"id":209,"href":"https:\/\/www.elizzen.com\/index.php\/wp-json\/wp\/v2\/posts\/160\/revisions\/209"}],"wp:attachment":[{"href":"https:\/\/www.elizzen.com\/index.php\/wp-json\/wp\/v2\/media?parent=160"}],"wp:term":[{"taxonomy":"category","embeddable":true,"href":"https:\/\/www.elizzen.com\/index.php\/wp-json\/wp\/v2\/categories?post=160"},{"taxonomy":"post_tag","embeddable":true,"href":"https:\/\/www.elizzen.com\/index.php\/wp-json\/wp\/v2\/tags?post=160"}],"curies":[{"name":"wp","href":"https:\/\/api.w.org\/{rel}","templated":true}]}}